{"id":1,"name":"admin","url":"","description":"","link":"https:\/\/agir.mehad.fr\/10ansdefaim\/blog\/author\/nexdev\/","slug":"nexdev","avatar_urls":{"24":"https:\/\/secure.gravatar.com\/avatar\/fc33689a54cb0b0978c5d72999ffbbda?s=24&d=mm&r=g","48":"https:\/\/secure.gravatar.com\/avatar\/fc33689a54cb0b0978c5d72999ffbbda?s=48&d=mm&r=g","96":"https:\/\/secure.gravatar.com\/avatar\/fc33689a54cb0b0978c5d72999ffbbda?s=96&d=mm&r=g"},"meta":[],"yoast_head":"<!-- This site is optimized with the Yoast SEO plugin v23.5 - https:\/\/yoast.com\/wordpress\/plugins\/seo\/ -->\n<title>admin, auteur sur 10 ans de faim<\/title>\n<meta name=\"robots\" content=\"index, follow, max-snippet:-1, max-image-preview:large, max-video-preview:-1\" \/>\n<link rel=\"canonical\" href=\"https:\/\/agir.mehad.fr\/10ansdefaim\/blog\/author\/nexdev\/\" \/>\n<meta property=\"og:locale\" content=\"fr_FR\" \/>\n<meta property=\"og:type\" content=\"profile\" \/>\n<meta property=\"og:title\" content=\"admin, auteur sur 10 ans de faim\" \/>\n<meta property=\"og:url\" content=\"https:\/\/agir.mehad.fr\/10ansdefaim\/blog\/author\/nexdev\/\" \/>\n<meta property=\"og:site_name\" content=\"10 ans de faim\" \/>\n<meta property=\"og:image\" content=\"https:\/\/secure.gravatar.com\/avatar\/fc33689a54cb0b0978c5d72999ffbbda?s=500&d=mm&r=g\" \/>\n<meta name=\"twitter:card\" content=\"summary_large_image\" \/>\n<script type=\"application\/ld+json\" class=\"yoast-schema-graph\">{\"@context\":\"https:\/\/schema.org\",\"@graph\":[{\"@type\":\"ProfilePage\",\"@id\":\"https:\/\/agir.mehad.fr\/10ansdefaim\/blog\/author\/nexdev\/\",\"url\":\"https:\/\/agir.mehad.fr\/10ansdefaim\/blog\/author\/nexdev\/\",\"name\":\"admin, auteur sur 10 ans de faim\",\"isPartOf\":{\"@id\":\"https:\/\/agir.mehad.fr\/10ansdefaim\/#website\"},\"breadcrumb\":{\"@id\":\"https:\/\/agir.mehad.fr\/10ansdefaim\/blog\/author\/nexdev\/#breadcrumb\"},\"inLanguage\":\"fr-FR\",\"potentialAction\":[{\"@type\":\"ReadAction\",\"target\":[\"https:\/\/agir.mehad.fr\/10ansdefaim\/blog\/author\/nexdev\/\"]}]},{\"@type\":\"BreadcrumbList\",\"@id\":\"https:\/\/agir.mehad.fr\/10ansdefaim\/blog\/author\/nexdev\/#breadcrumb\",\"itemListElement\":[{\"@type\":\"ListItem\",\"position\":1,\"name\":\"Accueil\",\"item\":\"https:\/\/agir.mehad.fr\/10ansdefaim\/\"},{\"@type\":\"ListItem\",\"position\":2,\"name\":\"Archives pour admin\"}]},{\"@type\":\"WebSite\",\"@id\":\"https:\/\/agir.mehad.fr\/10ansdefaim\/#website\",\"url\":\"https:\/\/agir.mehad.fr\/10ansdefaim\/\",\"name\":\"10 ans de faim\",\"description\":\"Aidez les enfants syriens \u00e0 r\u00e9aliser leurs r\u00eaves\",\"potentialAction\":[{\"@type\":\"SearchAction\",\"target\":{\"@type\":\"EntryPoint\",\"urlTemplate\":\"https:\/\/agir.mehad.fr\/10ansdefaim\/?s={search_term_string}\"},\"query-input\":{\"@type\":\"PropertyValueSpecification\",\"valueRequired\":true,\"valueName\":\"search_term_string\"}}],\"inLanguage\":\"fr-FR\"},{\"@type\":\"Person\",\"@id\":\"https:\/\/agir.mehad.fr\/10ansdefaim\/#\/schema\/person\/3496031de473169d5013cf5f48e1bbfa\",\"name\":\"admin\",\"image\":{\"@type\":\"ImageObject\",\"inLanguage\":\"fr-FR\",\"@id\":\"https:\/\/agir.mehad.fr\/10ansdefaim\/#\/schema\/person\/image\/\",\"url\":\"https:\/\/secure.gravatar.com\/avatar\/fc33689a54cb0b0978c5d72999ffbbda?s=96&d=mm&r=g\",\"contentUrl\":\"https:\/\/secure.gravatar.com\/avatar\/fc33689a54cb0b0978c5d72999ffbbda?s=96&d=mm&r=g\",\"caption\":\"admin\"},\"mainEntityOfPage\":{\"@id\":\"https:\/\/agir.mehad.fr\/10ansdefaim\/blog\/author\/nexdev\/\"}}]}<\/script>\n<!-- \/ Yoast SEO plugin. -->","yoast_head_json":{"title":"admin, auteur sur 10 ans de faim","robots":{"index":"index","follow":"follow","max-snippet":"max-snippet:-1","max-image-preview":"max-image-preview:large","max-video-preview":"max-video-preview:-1"},"canonical":"https:\/\/agir.mehad.fr\/10ansdefaim\/blog\/author\/nexdev\/","og_locale":"fr_FR","og_type":"profile","og_title":"admin, auteur sur 10 ans de faim","og_url":"https:\/\/agir.mehad.fr\/10ansdefaim\/blog\/author\/nexdev\/","og_site_name":"10 ans de faim","og_image":[{"url":"https:\/\/secure.gravatar.com\/avatar\/fc33689a54cb0b0978c5d72999ffbbda?s=500&d=mm&r=g"}],"twitter_card":"summary_large_image","schema":{"@context":"https:\/\/schema.org","@graph":[{"@type":"ProfilePage","@id":"https:\/\/agir.mehad.fr\/10ansdefaim\/blog\/author\/nexdev\/","url":"https:\/\/agir.mehad.fr\/10ansdefaim\/blog\/author\/nexdev\/","name":"admin, auteur sur 10 ans de faim","isPartOf":{"@id":"https:\/\/agir.mehad.fr\/10ansdefaim\/#website"},"breadcrumb":{"@id":"https:\/\/agir.mehad.fr\/10ansdefaim\/blog\/author\/nexdev\/#breadcrumb"},"inLanguage":"fr-FR","potentialAction":[{"@type":"ReadAction","target":["https:\/\/agir.mehad.fr\/10ansdefaim\/blog\/author\/nexdev\/"]}]},{"@type":"BreadcrumbList","@id":"https:\/\/agir.mehad.fr\/10ansdefaim\/blog\/author\/nexdev\/#breadcrumb","itemListElement":[{"@type":"ListItem","position":1,"name":"Accueil","item":"https:\/\/agir.mehad.fr\/10ansdefaim\/"},{"@type":"ListItem","position":2,"name":"Archives pour admin"}]},{"@type":"WebSite","@id":"https:\/\/agir.mehad.fr\/10ansdefaim\/#website","url":"https:\/\/agir.mehad.fr\/10ansdefaim\/","name":"10 ans de faim","description":"Aidez les enfants syriens \u00e0 r\u00e9aliser leurs r\u00eaves","potentialAction":[{"@type":"SearchAction","target":{"@type":"EntryPoint","urlTemplate":"https:\/\/agir.mehad.fr\/10ansdefaim\/?s={search_term_string}"},"query-input":{"@type":"PropertyValueSpecification","valueRequired":true,"valueName":"search_term_string"}}],"inLanguage":"fr-FR"},{"@type":"Person","@id":"https:\/\/agir.mehad.fr\/10ansdefaim\/#\/schema\/person\/3496031de473169d5013cf5f48e1bbfa","name":"admin","image":{"@type":"ImageObject","inLanguage":"fr-FR","@id":"https:\/\/agir.mehad.fr\/10ansdefaim\/#\/schema\/person\/image\/","url":"https:\/\/secure.gravatar.com\/avatar\/fc33689a54cb0b0978c5d72999ffbbda?s=96&d=mm&r=g","contentUrl":"https:\/\/secure.gravatar.com\/avatar\/fc33689a54cb0b0978c5d72999ffbbda?s=96&d=mm&r=g","caption":"admin"},"mainEntityOfPage":{"@id":"https:\/\/agir.mehad.fr\/10ansdefaim\/blog\/author\/nexdev\/"}}]}},"_links":{"self":[{"href":"https:\/\/agir.mehad.fr\/10ansdefaim\/wp-json\/wp\/v2\/users\/1"}],"collection":[{"href":"https:\/\/agir.mehad.fr\/10ansdefaim\/wp-json\/wp\/v2\/users"}]}}